{"id":6406,"date":"2026-03-30T10:33:50","date_gmt":"2026-03-30T08:33:50","guid":{"rendered":"http:\/\/mglaser.ch\/home\/?p=6406"},"modified":"2026-03-30T10:33:50","modified_gmt":"2026-03-30T08:33:50","slug":"einladung-zur-35-jahrestagung-der-deutschen-dermatologischen-lasergesellschaft-ddl-2026","status":"publish","type":"post","link":"http:\/\/mglaser.ch\/home\/2026\/03\/30\/einladung-zur-35-jahrestagung-der-deutschen-dermatologischen-lasergesellschaft-ddl-2026\/","title":{"rendered":"Einladung zur 35. Jahrestagung der Deutschen Dermatologischen Lasergesellschaft (DDL) 2026"},"content":{"rendered":"<p data-start=\"141\" data-end=\"449\">Wir freuen uns, Ihnen eine der wichtigsten Veranstaltungen im Bereich der dermatologischen Lasermedizin anzuk\u00fcndigen: die <strong data-start=\"263\" data-end=\"338\">35. Jahrestagung der Deutschen Dermatologischen Lasergesellschaft (DDL)<\/strong> am <strong data-start=\"342\" data-end=\"365\">5. und 6. Juni 2026<\/strong> in <strong data-start=\"369\" data-end=\"410\"><span class=\"hover:entity-accent entity-underline inline cursor-pointer align-baseline\"><span class=\"whitespace-normal\">Frankfurt am Main<\/span><\/span><\/strong>.<\/p>\n<hr data-start=\"451\" data-end=\"454\" \/>\n<h3 data-start=\"456\" data-end=\"483\">Was ist die DDL-Tagung?<\/h3>\n<p data-start=\"485\" data-end=\"855\">Die DDL ist eine f\u00fchrende Fachgesellschaft f\u00fcr dermatologische Laseranwendungen in Deutschland. Sie setzt sich f\u00fcr wissenschaftlich fundierte Lasertherapie, qualit\u00e4tsgesicherte Behandlung und Fortbildung von Fachpersonal ein. Ihre Mitglieder tauschen sich regelm\u00e4\u00dfig \u00fcber neueste Entwicklungen und Standards in der Lasermedizin aus.<\/p>\n<p data-start=\"857\" data-end=\"1103\">Die Jahrestagung 2026 steht unter dem Motto<br data-start=\"900\" data-end=\"903\" \/><strong data-start=\"903\" data-end=\"952\">\u201eLaser goes Medicine \u2013 Longevity of the Skin\u201c<\/strong> und bietet ein vielseitiges Programm rund um moderne Lasertherapie, neueste Forschung und klinische Anwendungen.<\/p>\n<hr data-start=\"1105\" data-end=\"1108\" \/>\n<h3 data-start=\"1110\" data-end=\"1142\">Highlights der Veranstaltung<\/h3>\n<p data-start=\"1144\" data-end=\"1241\">Die Tagung vereint Fortbildung, Innovation und Praxisbezug auf hohem Niveau. Freuen Sie sich auf:<\/p>\n<ul data-start=\"1243\" data-end=\"1796\">\n<li data-start=\"1243\" data-end=\"1352\">\n<p data-start=\"1245\" data-end=\"1352\"><strong data-start=\"1245\" data-end=\"1298\">Fachvortr\u00e4ge und wissenschaftliche Pr\u00e4sentationen<\/strong> \u2013 neueste Daten aus Forschung und klinischer Praxis<\/p>\n<\/li>\n<li data-start=\"1353\" data-end=\"1461\">\n<p data-start=\"1355\" data-end=\"1461\"><strong data-start=\"1355\" data-end=\"1396\">Praxisnahe Diskussionen und Workshops<\/strong> mit Expertinnen und Experten aus Dermatologie und Lasermedizin<\/p>\n<\/li>\n<li data-start=\"1462\" data-end=\"1576\">\n<p data-start=\"1464\" data-end=\"1576\"><strong data-start=\"1464\" data-end=\"1488\">Industrieausstellung<\/strong> mit innovativen Produkten und Ger\u00e4ten aus dem Bereich Laser- und Energy-based Devices<\/p>\n<\/li>\n<li data-start=\"1577\" data-end=\"1656\">\n<p data-start=\"1579\" data-end=\"1656\"><strong data-start=\"1579\" data-end=\"1625\">Gelegenheiten zum Austausch und Networking<\/strong> mit Kolleginnen und Kollegen<\/p>\n<\/li>\n<li data-start=\"1657\" data-end=\"1796\">\n<p data-start=\"1659\" data-end=\"1796\"><strong data-start=\"1659\" data-end=\"1677\">Rahmenprogramm<\/strong> zur vertiefenden Auseinandersetzung mit Trends und Perspektiven der Lasermedizin<\/p>\n<\/li>\n<\/ul>\n<p data-start=\"1798\" data-end=\"2047\">Thematische Schwerpunkte umfassen unter anderem pr\u00e4zise Lasertechnologien, Fortschritte bei Hauttherapien, innovative Ger\u00e4te, ganzheitliche Hautgesundheit und Strategien zur F\u00f6rderung des \u00e4rztlichen Nachwuchses.<\/p>\n<hr data-start=\"2049\" data-end=\"2052\" \/>\n<h3 data-start=\"2054\" data-end=\"2091\">F\u00fcr wen lohnt sich die Teilnahme?<\/h3>\n<p data-start=\"2093\" data-end=\"2130\">Die DDL-Jahrestagung richtet sich an:<\/p>\n<ul data-start=\"2132\" data-end=\"2458\">\n<li data-start=\"2132\" data-end=\"2195\">\n<p data-start=\"2134\" data-end=\"2195\">Haut\u00e4rztinnen und Haut\u00e4rzte mit Schwerpunkt Laserbehandlung<\/p>\n<\/li>\n<li data-start=\"2196\" data-end=\"2285\">\n<p data-start=\"2198\" data-end=\"2285\">\u00c4rztliches und nicht-\u00e4rztliches Fachpersonal aus dermatologischen Praxen und Kliniken<\/p>\n<\/li>\n<li data-start=\"2286\" data-end=\"2354\">\n<p data-start=\"2288\" data-end=\"2354\">Wissenschaftlerinnen und Wissenschaftler im Bereich Lasermedizin<\/p>\n<\/li>\n<li data-start=\"2355\" data-end=\"2458\">\n<p data-start=\"2357\" data-end=\"2458\">Hersteller und Dienstleister aus dem medizinischen Laserbereich<\/p>\n<\/li>\n<\/ul>\n<hr data-start=\"2460\" data-end=\"2463\" \/>\n<h3 data-start=\"2465\" data-end=\"2497\">Anmeldung und Rahmenprogramm<\/h3>\n<p data-start=\"2499\" data-end=\"2850\">Die Registrierung ist bereits ge\u00f6ffnet. Fr\u00fchbucherpreise gelten bis zum <strong data-start=\"2571\" data-end=\"2591\">28. Februar 2026<\/strong>, danach steigt die Teilnahmegeb\u00fchr. Neben dem regul\u00e4ren Tagungsprogramm werden auch spezielle Kurse angeboten, z. B. ein <strong data-start=\"2713\" data-end=\"2745\">Laserschutzkurs nach TRoS 18<\/strong> mit praktischem Anteil und ein <strong data-start=\"2777\" data-end=\"2811\">Laser-Fachkunde-Kurs nach NiSV<\/strong>.<\/p>\n<p data-start=\"2852\" data-end=\"3026\">Ein gem\u00fctlicher <strong data-start=\"2868\" data-end=\"2906\">Gesellschaftsabend am 5. Juni 2026<\/strong> rundet den ersten Tag ab und bietet Raum f\u00fcr Austausch in entspannter Atmosph\u00e4re.<\/p>\n<hr data-start=\"3028\" data-end=\"3031\" \/>\n<h3 data-start=\"3033\" data-end=\"3059\">Jetzt Termin vormerken<\/h3>\n<p data-start=\"3061\" data-end=\"3179\">\ud83d\udcc5 <strong data-start=\"3064\" data-end=\"3073\">Datum<\/strong>: 5. \u2013 6. Juni 2026<br data-start=\"3092\" data-end=\"3095\" \/>\ud83d\udccd <strong data-start=\"3098\" data-end=\"3105\">Ort<\/strong>: Frankfurt am Main<br data-start=\"3124\" data-end=\"3127\" \/>\ud83d\udccc <strong data-start=\"3130\" data-end=\"3156\">Mehr Infos &amp; Anmeldung<\/strong>: <a class=\"decorated-link\" href=\"https:\/\/ddl-tagung.de\/?utm_source=chatgpt.com\" target=\"_new\" rel=\"noopener\" data-start=\"3158\" data-end=\"3179\">https:\/\/ddl-tagung.de<\/a><\/p>\n<p data-start=\"3181\" data-end=\"3410\">Nutzen Sie diese hervorragende Gelegenheit, sich auf dem neuesten Stand der dermatologischen Lasermedizin zu bringen, wertvolle Kontakte zu kn\u00fcpfen und Inspiration f\u00fcr Ihre t\u00e4gliche Praxis zu gewinnen. Wir sehen uns in Frankfurt!<\/p>\n","protected":false},"excerpt":{"rendered":"<p>Wir freuen uns, Ihnen eine <a href=\"http:\/\/mglaser.ch\/home\/2026\/03\/30\/einladung-zur-35-jahrestagung-der-deutschen-dermatologischen-lasergesellschaft-ddl-2026\/\"> [Weiterlesen&#8230;]<\/a><\/p>\n","protected":false},"author":1,"featured_media":0,"comment_status":"open","ping_status":"open","sticky":false,"template":"","format":"standard","meta":{"_acf_changed":false,"footnotes":""},"categories":[14],"tags":[],"class_list":["post-6406","post","type-post","status-publish","format-standard","hentry","category-featured"],"acf":[],"_links":{"self":[{"href":"http:\/\/mglaser.ch\/home\/wp-json\/wp\/v2\/posts\/6406","targetHints":{"allow":["GET"]}}],"collection":[{"href":"http:\/\/mglaser.ch\/home\/wp-json\/wp\/v2\/posts"}],"about":[{"href":"http:\/\/mglaser.ch\/home\/wp-json\/wp\/v2\/types\/post"}],"author":[{"embeddable":true,"href":"http:\/\/mglaser.ch\/home\/wp-json\/wp\/v2\/users\/1"}],"replies":[{"embeddable":true,"href":"http:\/\/mglaser.ch\/home\/wp-json\/wp\/v2\/comments?post=6406"}],"version-history":[{"count":1,"href":"http:\/\/mglaser.ch\/home\/wp-json\/wp\/v2\/posts\/6406\/revisions"}],"predecessor-version":[{"id":6407,"href":"http:\/\/mglaser.ch\/home\/wp-json\/wp\/v2\/posts\/6406\/revisions\/6407"}],"wp:attachment":[{"href":"http:\/\/mglaser.ch\/home\/wp-json\/wp\/v2\/media?parent=6406"}],"wp:term":[{"taxonomy":"category","embeddable":true,"href":"http:\/\/mglaser.ch\/home\/wp-json\/wp\/v2\/categories?post=6406"},{"taxonomy":"post_tag","embeddable":true,"href":"http:\/\/mglaser.ch\/home\/wp-json\/wp\/v2\/tags?post=6406"}],"curies":[{"name":"wp","href":"https:\/\/api.w.org\/{rel}","templated":true}]}}